{"id":913,"date":"2021-01-12T16:58:53","date_gmt":"2021-01-12T15:58:53","guid":{"rendered":"https:\/\/www.soumaya-hiltmann.com\/?p=913"},"modified":"2022-11-05T12:45:09","modified_gmt":"2022-11-05T11:45:09","slug":"samstage-2021","status":"publish","type":"post","link":"https:\/\/www.soumaya-hiltmann.com\/en\/samstage-2021\/","title":{"rendered":"Saturdays 2021 in Berlin Sch\u00f6neberg and online"},"content":{"rendered":"<p>[et_pb_section fb_built=&#8220;1&#8243; _builder_version=&#8220;4.16&#8243; _module_preset=&#8220;default&#8220; custom_padding=&#8220;0px||||false|false&#8220; global_colors_info=&#8220;{}&#8220;][et_pb_row _builder_version=&#8220;4.16&#8243; _module_preset=&#8220;default&#8220; global_colors_info=&#8220;{}&#8220;][et_pb_column type=&#8220;4_4&#8243; _builder_version=&#8220;4.16&#8243; _module_preset=&#8220;default&#8220; global_colors_info=&#8220;{}&#8220;][et_pb_text _builder_version=&#8220;4.16&#8243; _module_preset=&#8220;default&#8220; header_2_font=&#8220;Caveat||||||||&#8220; global_colors_info=&#8220;{}&#8220;]<\/p>\n<h2><strong>Liebe an Prana, Musik und Meditation Interessierte,<\/strong><\/h2>\n<p style=\"text-align: justify;\">jederzeit k\u00f6nnen Termine f\u00fcr Einzelstunden oder Kleingruppen in Berlin &#8211; Sch\u00f6neberg, Berlin &#8211;\u00a0Pankow oder online verabredet werden. Zus\u00e4tzlich gibt es die Samstage und Wochenendworkshops.<br \/>Hier die geplanten Sch\u00f6neberger Prana &amp; Musik Samstage mit Einzelstunden, kostenlosen Kennenlernstunden und Gruppenangeboten in 2021 f\u00fcr eure Planung, zum Vormerken und Anmelden:<\/p>\n<ul><\/ul>\n<p>[\/et_pb_text][et_pb_code admin_label=&#8220;Code Tabelle&#8220; _builder_version=&#8220;4.16&#8243; _module_preset=&#8220;default&#8220; global_colors_info=&#8220;{}&#8220;]<div class=\"wptb-container-legacy\" data-table-id=\"2070\">\n    <table class=\"wptb-preview-table wptb-element-main-table_setting-2070\" data-reconstraction=\"1\" style=\"border: 1px solid rgb(209, 209, 209);\" data-wptb-table-tds-sum-max-width=\"262.982954\" data-wptb-cells-width-auto-count=\"2\" data-wptb-extra-styles=\"LyogRW50ZXIgeW91ciBjdXN0b20gQ1NTIHJ1bGVzIGhlcmUgKi8=\" role=\"table\" data-table-columns=\"2\" data-wptb-responsive-directives=\"eyJyZXNwb25zaXZlRW5hYmxlZCI6dHJ1ZSwicmVzcG9uc2l2ZU1vZGUiOiJhdXRvIiwicHJlc2VydmVSb3dDb2xvciI6ZmFsc2UsInJlbGF0aXZlV2lkdGgiOiJ3aW5kb3ciLCJoZWFkZXJGdWxseU1lcmdlZCI6ZmFsc2UsIm1vZGVPcHRpb25zIjp7ImF1dG8iOnsiZGlzYWJsZWQiOnsiZGVza3RvcCI6ZmFsc2UsInRhYmxldCI6ZmFsc2UsIm1vYmlsZSI6ZmFsc2V9LCJ0b3BSb3dBc0hlYWRlciI6eyJkZXNrdG9wIjpmYWxzZSwidGFibGV0IjpmYWxzZSwibW9iaWxlIjpmYWxzZX0sInJlcGVhdE1lcmdlZEhlYWRlciI6eyJkZXNrdG9wIjp0cnVlLCJ0YWJsZXQiOnRydWUsIm1vYmlsZSI6dHJ1ZX0sInN0YXRpY1RvcFJvdyI6eyJkZXNrdG9wIjpmYWxzZSwidGFibGV0IjpmYWxzZSwibW9iaWxlIjpmYWxzZX0sImNlbGxTdGFja0RpcmVjdGlvbiI6eyJkZXNrdG9wIjoicm93IiwidGFibGV0IjoiY29sdW1uIiwibW9iaWxlIjoiY29sdW1uIn0sImNlbGxzUGVyUm93Ijp7ImRlc2t0b3AiOjEsInRhYmxldCI6MSwibW9iaWxlIjoxfX19LCJicmVha3BvaW50cyI6eyJkZXNrdG9wIjp7Im5hbWUiOiJkZXNrdG9wIiwid2lkdGgiOjEwMjR9LCJ0YWJsZXQiOnsibmFtZSI6InRhYmxldCIsIndpZHRoIjo3MDB9LCJtb2JpbGUiOnsibmFtZSI6Im1vYmlsZSIsIndpZHRoIjozMDB9fX0=\" data-wptb-adaptive-table=\"0\" data-wptb-header-background-color=\"#FF8671C7\" data-wptb-even-row-background-color=\"#F5E89A26\" data-wptb-odd-row-background-color=\"#FF867121\"><tbody><tr class=\"wptb-row\" style=\"background-color: rgba(255, 134, 113, 0.78);\"><td class=\"wptb-cell\" data-y-index=\"0\" data-x-index=\"0\" style=\"border: 1px solid rgb(209, 209, 209);\" data-wptb-css-td-auto-width=\"true\"><div class=\"wptb-text-container wptb-ph-element wptb-element-text-1\" style=\"color: rgb(74, 85, 104); font-size: 15px;\"><div class=\"\" style=\"position: relative;\"><p style=\"text-align: center;\"><strong>1. Halbjahr 2021<\/strong><\/p><\/div><\/div><\/td><td class=\"wptb-cell\" data-y-index=\"0\" data-x-index=\"1\" style=\"border: 1px solid rgb(209, 209, 209);\" data-wptb-css-td-auto-width=\"true\"><div class=\"wptb-text-container wptb-ph-element wptb-element-text-2\" style=\"color: rgb(74, 85, 104); font-size: 15px;\"><div class=\"\" style=\"position: relative;\"><p style=\"text-align: center;\"><strong>2. Halbjahr 2021<\/strong><\/p><\/div><\/div><\/td><\/tr><tr class=\"wptb-row\" style=\"background-color: rgba(245, 232, 154, 0.15);\"><td class=\"wptb-cell\" data-y-index=\"1\" data-x-index=\"0\" style=\"border: 1px solid rgb(209, 209, 209);\" data-wptb-css-td-auto-width=\"true\"><div class=\"wptb-list-container wptb-ph-element wptb-element-list-2\"><ul>            <li class=\"wptb-in-element\" style=\"margin-bottom: 0px;\">                <div class=\"wptb-list-item-content\" style=\"position: relative;\"><p data-list-style-type-index=\"1.\" style=\"color: #4a5568; font-size: 15px; text-align: left;\" class=\"wptb-list-style-type-disc\"><a data-mce-href=\"..\/events\/23-01-21-einzelstunden-gruppenangebote-musik-meditation\/\" href=\"..\/events\/23-01-21-einzelstunden-gruppenangebote-musik-meditation\/\">23.01.2021<\/a>&nbsp;online \u2013 Offener Sing- und Tanzkreis<\/p><\/div>            <\/li>                                <\/ul><\/div><\/td><td class=\"wptb-cell\" data-y-index=\"1\" data-x-index=\"1\" style=\"border: 1px solid rgb(209, 209, 209);\" data-wptb-css-td-auto-width=\"true\"><div class=\"wptb-list-container wptb-ph-element wptb-element-list-9\"><ul>            <li class=\"wptb-in-element\" style=\"margin-bottom: 0px;\">                <div class=\"wptb-list-item-content\" style=\"position: relative;\"><p data-list-style-type-index=\"1.\" style=\"color: #4a5568; font-size: 15px; text-align: left;\" class=\"wptb-list-style-type-disc\"><a data-mce-href=\"..\/events\/17-07-21-einzelstunden-gruppenangebote-musik-meditation\/\" href=\"..\/events\/17-07-21-einzelstunden-gruppenangebote-musik-meditation\/\" data-mce-selected=\"inline-boundary\">17.07.2021<\/a> online - Offener Sing- und Tanzkreis<\/p><\/div>            <\/li>            <li class=\"wptb-in-element\" style=\"margin-bottom: 0px;\">                <div class=\"wptb-list-item-content\" style=\"position: relative;\"><p data-list-style-type-index=\"2.\" style=\"color: #4a5568; font-size: 15px; text-align: left;\" class=\"wptb-list-style-type-disc\"><a data-mce-href=\"..\/events\/31-07-21-einzelstunden-fortbildung-musik-meditation\/\" href=\"..\/events\/31-07-21-einzelstunden-fortbildung-musik-meditation\/\" data-mce-selected=\"inline-boundary\">31.07.2021<\/a> Fortbildung Musik und Meditation in Sch\u00f6neberg<\/p><\/div>            <\/li>                    <\/ul><\/div><\/td><\/tr><tr class=\"wptb-row\" style=\"background-color: rgba(255, 134, 113, 0.13);\"><td class=\"wptb-cell\" data-y-index=\"2\" data-x-index=\"0\" style=\"border: 1px solid rgb(209, 209, 209);\" data-wptb-css-td-auto-width=\"true\"><div class=\"wptb-list-container wptb-ph-element wptb-element-list-4\"><ul>            <li class=\"wptb-in-element\" style=\"margin-bottom: 0px;\">                <div class=\"wptb-list-item-content\" style=\"position: relative;\"><p data-list-style-type-index=\"1.\" style=\"color: #4a5568; font-size: 15px; text-align: left;\" class=\"wptb-list-style-type-disc\"><a data-mce-href=\"..\/events\/20-02-21-einzelstunden-gruppenangebote-musik-meditation\/\" href=\"..\/events\/20-02-21-einzelstunden-gruppenangebote-musik-meditation\/\">20.02.2021<\/a> online - Offener Sing- und Tanzkreis<\/p><\/div>            <\/li>                                <\/ul><\/div><div class=\"wptb-list-container wptb-ph-element wptb-element-list-3\"><ul>                                            <\/ul><\/div><\/td><td class=\"wptb-cell\" data-y-index=\"2\" data-x-index=\"1\" style=\"border: 1px solid rgb(209, 209, 209);\" data-wptb-css-td-auto-width=\"true\"><div class=\"wptb-list-container wptb-ph-element wptb-element-list-10\"><ul>            <li class=\"wptb-in-element\" style=\"margin-bottom: 0px;\">                <div class=\"wptb-list-item-content\" style=\"position: relative;\"><p data-list-style-type-index=\"1.\" style=\"color: #4a5568; font-size: 15px; text-align: left;\" class=\"wptb-list-style-type-disc\"><a data-mce-href=\"..\/events\/07-08-21-einzelstunden-online-schoeneberg\/\" href=\"..\/events\/07-08-21-einzelstunden-online-schoeneberg\/\" data-mce-selected=\"inline-boundary\">07.08.2021<\/a> Einzelstunden online und in Sch\u00f6neberg<\/p><\/div>            <\/li>            <li class=\"wptb-in-element\" style=\"margin-bottom: 0px;\">                <div class=\"wptb-list-item-content\" style=\"position: relative;\"><p data-list-style-type-index=\"2.\" style=\"color: #4a5568; font-size: 15px; text-align: left;\" class=\"wptb-list-style-type-disc\"><a data-mce-href=\"..\/events\/21-08-21-einzelstunden-gruppenangebote-musik-meditation\/\" href=\"..\/events\/21-08-21-einzelstunden-gruppenangebote-musik-meditation\/\">21.08.2021<\/a> online - Offener Sing- und Tanzkreis<\/p><\/div>            <\/li>            <li class=\"wptb-in-element\" style=\"margin-bottom: 0px;\">                <div class=\"wptb-list-item-content\" style=\"position: relative;\"><p data-list-style-type-index=\"3.\" style=\"color: #4a5568; font-size: 15px; text-align: left;\" class=\"wptb-list-style-type-disc\"><a data-mce-href=\"..\/events\/28-08-21-einzelstunden-fortbildung-musik-meditation\/\" href=\"..\/events\/28-08-21-einzelstunden-fortbildung-musik-meditation\/\">28.08.2021<\/a> Fortbildung Musik und Meditation in Sch\u00f6neberg<\/p><\/div>            <\/li>        <\/ul><\/div><\/td><\/tr><tr class=\"wptb-row\" style=\"background-color: rgba(245, 232, 154, 0.15);\"><td class=\"wptb-cell\" data-y-index=\"3\" data-x-index=\"0\" style=\"border: 1px solid rgb(209, 209, 209);\" data-wptb-css-td-auto-width=\"true\"><div class=\"wptb-list-container wptb-ph-element wptb-element-list-5\"><ul>            <li class=\"wptb-in-element\" style=\"margin-bottom: 0px;\">                <div class=\"wptb-list-item-content\" style=\"position: relative;\"><p data-list-style-type-index=\"1.\" style=\"color: #4a5568; font-size: 15px; text-align: left;\" class=\"wptb-list-style-type-disc\"><a data-mce-href=\"..\/events\/20-03-21-einzelstunden-gruppenangebote-musik-meditation\/\" href=\"..\/events\/20-03-21-einzelstunden-gruppenangebote-musik-meditation\/\">20.03.2021<\/a> online - Offener Sing- und Tanzkreis<\/p><\/div>            <\/li>            <li class=\"wptb-in-element\" style=\"margin-bottom: 0px;\">                <div class=\"wptb-list-item-content\" style=\"position: relative;\"><p data-list-style-type-index=\"2.\" style=\"color: #4a5568; font-size: 15px; text-align: left;\" class=\"wptb-list-style-type-disc\"><a data-mce-href=\"..\/events\/27-03-21-einzelstunden-gruppenangebote-musik-meditation\/\" href=\"..\/events\/27-03-21-einzelstunden-gruppenangebote-musik-meditation\/\">27.03.2021<\/a> online - Offener Sing- und Tanzkreis<\/p><\/div>            <\/li>                    <\/ul><\/div><\/td><td class=\"wptb-cell\" data-y-index=\"3\" data-x-index=\"1\" style=\"border: 1px solid rgb(209, 209, 209);\" data-wptb-css-td-auto-width=\"true\"><div class=\"wptb-list-container wptb-ph-element wptb-element-list-11\"><ul>            <li class=\"wptb-in-element\" style=\"margin-bottom: 0px;\">                <div class=\"wptb-list-item-content\" style=\"position: relative;\"><p data-list-style-type-index=\"1.\" style=\"color: #4a5568; font-size: 15px; text-align: left;\" class=\"wptb-list-style-type-disc\"><a data-mce-href=\"..\/040921-einzelst-online-und-schoeneberg\/\" href=\"..\/040921-einzelst-online-und-schoeneberg\/\">04.09.2021<\/a> Einzelstunden online und in Sch\u00f6neberg<\/p><\/div>            <\/li>            <li class=\"wptb-in-element\" style=\"margin-bottom: 0px;\">                <div class=\"wptb-list-item-content\" style=\"position: relative;\"><p data-list-style-type-index=\"2.\" style=\"color: #4a5568; font-size: 15px; text-align: left;\" class=\"wptb-list-style-type-disc\"><a data-mce-href=\"..\/180921-einzelst-gruppenang-musik-medi\/\" href=\"..\/180921-einzelst-gruppenang-musik-medi\/\">18.09.2021<\/a> online - Offener Sing- und Tanzkreis<\/p><\/div>            <\/li>            <li class=\"wptb-in-element\" style=\"margin-bottom: 0px;\">                <div class=\"wptb-list-item-content\" style=\"position: relative;\"><p data-list-style-type-index=\"3.\" style=\"color: #4a5568; font-size: 15px; text-align: left;\" class=\"wptb-list-style-type-disc\"><a data-mce-href=\"..\/events\/250921-einzelst-fortb-musik-meditation\/\" href=\"..\/events\/250921-einzelst-fortb-musik-meditation\/\">25.09.2021<\/a>&nbsp; Fortbildung Musik und Meditation in Sch\u00f6neberg<\/p><\/div>            <\/li>        <\/ul><\/div><\/td><\/tr><tr class=\"wptb-row\" style=\"background-color: rgba(255, 134, 113, 0.13);\"><td class=\"wptb-cell\" data-y-index=\"4\" data-x-index=\"0\" style=\"border: 1px solid rgb(209, 209, 209);\" data-wptb-css-td-auto-width=\"true\"><div class=\"wptb-list-container wptb-ph-element wptb-element-list-6 edit-active\"><ul>            <li class=\"wptb-in-element\" style=\"margin-bottom: 0px;\">                <div class=\"wptb-list-item-content\" style=\"position: relative;\"><p data-list-style-type-index=\"1.\" style=\"color: #4a5568; font-size: 15px; text-align: left;\" class=\"wptb-list-style-type-disc\"><a data-mce-href=\"..\/events\/17-04-21-einzelstunden-gruppenangebote-musik-meditation\/\" href=\"..\/events\/17-04-21-einzelstunden-gruppenangebote-musik-meditation\/\">17.04.2021<\/a> online - Offener Sing- und Tanzkreis<\/p><\/div>            <\/li>            <li class=\"wptb-in-element\" style=\"margin-bottom: 0px;\">                <div class=\"wptb-list-item-content\" style=\"position: relative;\"><p data-list-style-type-index=\"2.\" style=\"color: #4a5568; font-size: 15px; text-align: left;\" class=\"wptb-list-style-type-disc\"><a data-mce-href=\"..\/events\/24-04-21-fortbildung-musik\/\" href=\"..\/events\/24-04-21-fortbildung-musik\/\" data-mce-selected=\"inline-boundary\">24.04.2021<\/a> Fortbildung Musik und Meditation in Sch\u00f6neberg<\/p><\/div>            <\/li>                    <\/ul><\/div><\/td><td class=\"wptb-cell\" data-y-index=\"4\" data-x-index=\"1\" style=\"border: 1px solid rgb(209, 209, 209);\" data-wptb-css-td-auto-width=\"true\"><div class=\"wptb-list-container wptb-ph-element wptb-element-list-12\"><ul>            <li class=\"wptb-in-element\" style=\"margin-bottom: 0px;\">                <div class=\"wptb-list-item-content\" style=\"position: relative;\"><p data-list-style-type-index=\"1.\" style=\"color: #4a5568; font-size: 15px; text-align: left;\" class=\"wptb-list-style-type-disc\"><a data-mce-href=\"..\/events\/02-10-21-einzelst-online-und-schoeneberg\/\" href=\"..\/events\/02-10-21-einzelst-online-und-schoeneberg\/\">02.10.2021<\/a> Einzelstunden online und in Sch\u00f6neberg<\/p><\/div>            <\/li>            <li class=\"wptb-in-element\" style=\"margin-bottom: 0px;\">                <div class=\"wptb-list-item-content\" style=\"position: relative;\"><p data-list-style-type-index=\"2.\" style=\"color: #4a5568; font-size: 15px; text-align: left;\" class=\"wptb-list-style-type-disc\"><a data-mce-href=\"..\/events\/09-10-21-einzelst-gruppenang-musik-medi\/\" href=\"..\/events\/09-10-21-einzelst-gruppenang-musik-medi\/\">09.10.2021<\/a> online - Offener Sing- und Tanzkreis<\/p><\/div>            <\/li>            <li class=\"wptb-in-element\" style=\"margin-bottom: 0px;\">                <div class=\"wptb-list-item-content\" style=\"position: relative;\"><p data-list-style-type-index=\"3.\" style=\"color: #4a5568; font-size: 15px; text-align: left;\" class=\"wptb-list-style-type-disc\"><a data-mce-href=\"..\/events\/161021-einzelst-fortb-musik-meditation\/\" href=\"..\/events\/161021-einzelst-fortb-musik-meditation\/\">16.10.2021<\/a> Fortbildung Musik und Meditation in Sch\u00f6neberg<\/p><\/div>            <\/li>        <\/ul><\/div><\/td><\/tr><tr class=\"wptb-row\" style=\"background-color: rgba(245, 232, 154, 0.15);\"><td class=\"wptb-cell\" data-y-index=\"5\" data-x-index=\"0\" style=\"border: 1px solid rgb(209, 209, 209);\" data-wptb-css-td-auto-width=\"true\"><div class=\"wptb-list-container wptb-ph-element wptb-element-list-7\"><ul>            <li class=\"wptb-in-element\" style=\"margin-bottom: 0px;\">                <div class=\"wptb-list-item-content\" style=\"position: relative;\"><p data-list-style-type-index=\"1.\" style=\"color: #4a5568; font-size: 15px; text-align: left;\" class=\"wptb-list-style-type-disc\"><a data-mce-href=\"..\/events\/08-05-21-soumaya-gruppenangebote\/\" href=\"..\/events\/08-05-21-soumaya-gruppenangebote\/\">08.05.2021<\/a>&nbsp; online - Offener Sing- und Tanzkreis<\/p><\/div>            <\/li>            <li class=\"wptb-in-element\" style=\"margin-bottom: 0px;\">                <div class=\"wptb-list-item-content\" style=\"position: relative;\"><p data-list-style-type-index=\"2.\" style=\"color: #4a5568; font-size: 15px; text-align: left;\" class=\"wptb-list-style-type-disc\"><a data-mce-href=\"..\/events\/29-05-21-fortbildung-musik\/\" href=\"..\/events\/29-05-21-fortbildung-musik\/\">29.05.2021<\/a> Fortbildung Musik und Meditation in Sch\u00f6neberg<\/p><\/div>            <\/li>                    <\/ul><\/div><\/td><td class=\"wptb-cell\" data-y-index=\"5\" data-x-index=\"1\" style=\"border: 1px solid rgb(209, 209, 209);\" data-wptb-css-td-auto-width=\"true\"><div class=\"wptb-list-container wptb-ph-element wptb-element-list-13\"><ul>            <li class=\"wptb-in-element\" style=\"margin-bottom: 0px;\">                <div class=\"wptb-list-item-content\" style=\"position: relative;\"><p data-list-style-type-index=\"1.\" style=\"color: #4a5568; font-size: 15px; text-align: left;\" class=\"wptb-list-style-type-disc\"><a data-mce-href=\"..\/events\/061121-einzelst-gruppenang-musik-medi\/\" href=\"..\/events\/061121-einzelst-gruppenang-musik-medi\/\" data-mce-selected=\"inline-boundary\">06.11.2021<\/a>&nbsp; online - Offener Sing- und Tanzkreis<\/p><\/div>            <\/li>            <li class=\"wptb-in-element\" style=\"margin-bottom: 0px;\">                <div class=\"wptb-list-item-content\" style=\"position: relative;\"><p data-list-style-type-index=\"2.\" style=\"color: #4a5568; font-size: 15px; text-align: left;\" class=\"wptb-list-style-type-disc\"><a data-mce-href=\"..\/events\/201121-einzelst-fortb-musik-meditation\/\" href=\"..\/events\/201121-einzelst-fortb-musik-meditation\/\">20.11.2021<\/a> Fortbildung Musik und Meditation in Sch\u00f6neberg<\/p><\/div>            <\/li>            <li class=\"wptb-in-element\" style=\"margin-bottom: 0px;\">                <div class=\"wptb-list-item-content\" style=\"position: relative;\"><p data-list-style-type-index=\"3.\" style=\"color: #4a5568; font-size: 15px; text-align: left;\" class=\"wptb-list-style-type-disc\"><a data-mce-href=\"..\/events\/27-11-21-soumaya-fortbildung-huellhorst\/\" href=\"..\/events\/27-11-21-soumaya-fortbildung-huellhorst\/\">27.\/28.11.2021<\/a> Besonderes Wochenendprogramm au\u00dferhalb Berlins! Einzelstunden, Meditation und Fortbildung im Gesundheitshaus am&nbsp;Wiehengebirge<\/p><\/div>            <\/li>        <\/ul><\/div><\/td><\/tr><tr class=\"wptb-row\" style=\"background-color: rgba(255, 134, 113, 0.13);\"><td class=\"wptb-cell\" data-y-index=\"6\" data-x-index=\"0\" style=\"border: 1px solid rgb(209, 209, 209);\" data-wptb-css-td-auto-width=\"true\"><div class=\"wptb-list-container wptb-ph-element wptb-element-list-8\"><ul>            <li class=\"wptb-in-element\" style=\"margin-bottom: 0px;\">                <div class=\"wptb-list-item-content\" style=\"position: relative;\"><p data-list-style-type-index=\"1.\" style=\"color: #4a5568; font-size: 15px; text-align: left;\" class=\"wptb-list-style-type-disc\"><a data-mce-href=\"..\/events\/12-06-21-soumaya-gruppenangebote\" href=\"..\/events\/12-06-21-soumaya-gruppenangebote\" data-mce-selected=\"inline-boundary\">12.06.2021<\/a> online - Offener Sing- und Tanzkreis<\/p><\/div>            <\/li>            <li class=\"wptb-in-element\" style=\"margin-bottom: 0px;\">                <div class=\"wptb-list-item-content\" style=\"position: relative;\"><p data-list-style-type-index=\"2.\" style=\"color: #4a5568; font-size: 15px; text-align: left;\" class=\"wptb-list-style-type-disc\"><a data-mce-href=\"..\/events\/19-06-21-einzelstunden-fortbildung-musik-meditation\/\" href=\"..\/events\/19-06-21-einzelstunden-fortbildung-musik-meditation\/\" data-mce-selected=\"inline-boundary\">19.06.2021<\/a> Fortbildung Musik und Meditation in Sch\u00f6neberg<\/p><\/div>            <\/li>                    <\/ul><\/div><\/td><td class=\"wptb-cell\" data-y-index=\"6\" data-x-index=\"1\" style=\"border: 1px solid rgb(209, 209, 209);\" data-wptb-css-td-auto-width=\"true\"><div class=\"wptb-list-container wptb-ph-element wptb-element-list-14\"><ul>            <li class=\"wptb-in-element\" style=\"margin-bottom: 0px;\">                <div class=\"wptb-list-item-content\" style=\"position: relative;\"><p data-list-style-type-index=\"1.\" style=\"color: #4a5568; font-size: 15px; text-align: left;\" class=\"wptb-list-style-type-disc\"><a data-mce-href=\"..\/events\/041221-einzelst-gruppenang-musik-medi\/\" href=\"..\/events\/041221-einzelst-gruppenang-musik-medi\/\">04.12.2021<\/a> online - Offener Sing- und Tanzkreis<\/p><\/div>            <\/li>            <li class=\"wptb-in-element\" style=\"margin-bottom: 0px;\">                <div class=\"wptb-list-item-content\" style=\"position: relative;\"><p data-list-style-type-index=\"2.\" style=\"color: #4a5568; font-size: 15px; text-align: left;\" class=\"wptb-list-style-type-disc\"><a data-mce-href=\"..\/events\/111221-einzelst-fortb-musik-meditation\/\" href=\"..\/events\/111221-einzelst-fortb-musik-meditation\/\">11.12.2021<\/a> Fortbildung Musik und Meditation in Sch\u00f6neberg<\/p><\/div>            <\/li>                    <\/ul><\/div><\/td><\/tr><\/tbody><\/table>\n<\/div>\n[\/et_pb_code][et_pb_text _builder_version=&#8220;4.16&#8243; _module_preset=&#8220;default&#8220; header_2_font=&#8220;Caveat||||||||&#8220; global_colors_info=&#8220;{}&#8220;]<\/p>\n<h2 style=\"text-align: center;\">In Vorfreude auf Anfragen und Anmeldungen, herzlichst, Soumaya<\/h2>\n<p>[\/et_pb_text][et_pb_cta button_url=&#8220;@ET-DC@eyJkeW5hbWljIjp0cnVlLCJjb250ZW50IjoicG9zdF9saW5rX3VybF9wYWdlIiwic2V0dGluZ3MiOnsicG9zdF9pZCI6IjQwNyJ9fQ==@&#8220; button_text=&#8220;zum Kontaktformular&#8220; button_text_tablet=&#8220;zum Kontaktformular&#8220; button_text_phone=&#8220;zum Kontaktformular&#8220; button_text_last_edited=&#8220;on|phone&#8220; _builder_version=&#8220;4.16&#8243; _dynamic_attributes=&#8220;button_url&#8220; _module_preset=&#8220;default&#8220; header_font=&#8220;Caveat||||||||&#8220; background_color=&#8220;RGBA(0,0,0,0)&#8220; use_background_color_gradient=&#8220;on&#8220; background_color_gradient_direction=&#8220;90deg&#8220; background_color_gradient_stops=&#8220;rgba(0,0,0,0) 0%|rgba(0,0,0,0) 100%&#8220; background_color_gradient_start=&#8220;rgba(0,0,0,0)&#8220; background_color_gradient_end=&#8220;rgba(0,0,0,0)&#8220; custom_button=&#8220;on&#8220; button_text_color=&#8220;#000000&#8243; button_bg_color=&#8220;#c1c1c1&#8243; button_bg_use_color_gradient=&#8220;on&#8220; button_bg_color_gradient_stops=&#8220;#f5e89a 0%|#ff8671 100%&#8220; button_bg_color_gradient_start=&#8220;#f5e89a&#8220; button_bg_color_gradient_end=&#8220;#ff8671&#8243; button_border_color=&#8220;#000000&#8243; background_layout=&#8220;light&#8220; custom_padding=&#8220;8px|||||&#8220; button_text_size_tablet=&#8220;&#8220; button_text_size_phone=&#8220;12px&#8220; button_text_size_last_edited=&#8220;on|desktop&#8220; global_colors_info=&#8220;{}&#8220;]<\/p>\n<h2>Benutzen Sie einfach das Kontaktformular f\u00fcr Ihre Anfragen und Anmeldungen.<\/h2>\n<p>[\/et_pb_cta][\/et_pb_column][\/et_pb_row][\/et_pb_section]<\/p>\n","protected":false},"excerpt":{"rendered":"<p>Liebe an Prana, Musik und Meditation Interessierte, jederzeit k\u00f6nnen Termine f\u00fcr Einzelstunden oder Kleingruppen in Berlin &#8211; Sch\u00f6neberg, Berlin &#8211;\u00a0Pankow oder online verabredet werden. Zus\u00e4tzlich gibt es die Samstage und Wochenendworkshops.Hier die geplanten Sch\u00f6neberger Prana &amp; Musik Samstage mit Einzelstunden, kostenlosen Kennenlernstunden und Gruppenangeboten in 2021 f\u00fcr eure Planung, zum Vormerken und Anmelden: <div class=\"wptb-container-legacy\" data-table-id=\"2070\">\n    <table class=\"wptb-preview-table wptb-element-main-table_setting-2070\" data-reconstraction=\"1\" style=\"border: 1px solid rgb(209, 209, 209);\" data-wptb-table-tds-sum-max-width=\"262.982954\" data-wptb-cells-width-auto-count=\"2\" data-wptb-extra-styles=\"LyogRW50ZXIgeW91ciBjdXN0b20gQ1NTIHJ1bGVzIGhlcmUgKi8=\" role=\"table\" data-table-columns=\"2\" data-wptb-responsive-directives=\"eyJyZXNwb25zaXZlRW5hYmxlZCI6dHJ1ZSwicmVzcG9uc2l2ZU1vZGUiOiJhdXRvIiwicHJlc2VydmVSb3dDb2xvciI6ZmFsc2UsInJlbGF0aXZlV2lkdGgiOiJ3aW5kb3ciLCJoZWFkZXJGdWxseU1lcmdlZCI6ZmFsc2UsIm1vZGVPcHRpb25zIjp7ImF1dG8iOnsiZGlzYWJsZWQiOnsiZGVza3RvcCI6ZmFsc2UsInRhYmxldCI6ZmFsc2UsIm1vYmlsZSI6ZmFsc2V9LCJ0b3BSb3dBc0hlYWRlciI6eyJkZXNrdG9wIjpmYWxzZSwidGFibGV0IjpmYWxzZSwibW9iaWxlIjpmYWxzZX0sInJlcGVhdE1lcmdlZEhlYWRlciI6eyJkZXNrdG9wIjp0cnVlLCJ0YWJsZXQiOnRydWUsIm1vYmlsZSI6dHJ1ZX0sInN0YXRpY1RvcFJvdyI6eyJkZXNrdG9wIjpmYWxzZSwidGFibGV0IjpmYWxzZSwibW9iaWxlIjpmYWxzZX0sImNlbGxTdGFja0RpcmVjdGlvbiI6eyJkZXNrdG9wIjoicm93IiwidGFibGV0IjoiY29sdW1uIiwibW9iaWxlIjoiY29sdW1uIn0sImNlbGxzUGVyUm93Ijp7ImRlc2t0b3AiOjEsInRhYmxldCI6MSwibW9iaWxlIjoxfX19LCJicmVha3BvaW50cyI6eyJkZXNrdG9wIjp7Im5hbWUiOiJkZXNrdG9wIiwid2lkdGgiOjEwMjR9LCJ0YWJsZXQiOnsibmFtZSI6InRhYmxldCIsIndpZHRoIjo3MDB9LCJtb2JpbGUiOnsibmFtZSI6Im1vYmlsZSIsIndpZHRoIjozMDB9fX0=\" data-wptb-adaptive-table=\"0\" data-wptb-header-background-color=\"#FF8671C7\" data-wptb-even-row-background-color=\"#F5E89A26\" data-wptb-odd-row-background-color=\"#FF867121\"><tbody><tr class=\"wptb-row\" style=\"background-color: rgba(255, 134, 113, 0.78);\"><td class=\"wptb-cell\" data-y-index=\"0\" data-x-index=\"0\" style=\"border: 1px solid rgb(209, 209, 209);\" data-wptb-css-td-auto-width=\"true\"><div class=\"wptb-text-container wptb-ph-element wptb-element-text-1\" style=\"color: rgb(74, 85, 104); font-size: 15px;\"><div class=\"\" style=\"position: relative;\"><p style=\"text-align: center;\"><strong>1. Halbjahr 2021<\/strong><\/p><\/div><\/div><\/td><td class=\"wptb-cell\" data-y-index=\"0\" data-x-index=\"1\" style=\"border: 1px solid rgb(209, 209, 209);\" data-wptb-css-td-auto-width=\"true\"><div class=\"wptb-text-container wptb-ph-element wptb-element-text-2\" style=\"color: rgb(74, 85, 104); font-size: 15px;\"><div class=\"\" style=\"position: relative;\"><p style=\"text-align: center;\"><strong>2. Halbjahr 2021<\/strong><\/p><\/div><\/div><\/td><\/tr><tr class=\"wptb-row\" style=\"background-color: rgba(245, 232, 154, 0.15);\"><td class=\"wptb-cell\" data-y-index=\"1\" data-x-index=\"0\" style=\"border: 1px solid rgb(209, 209, 209);\" data-wptb-css-td-auto-width=\"true\"><div class=\"wptb-list-container wptb-ph-element wptb-element-list-2\"><ul>            <li class=\"wptb-in-element\" style=\"margin-bottom: 0px;\">                <div class=\"wptb-list-item-content\" style=\"position: relative;\"><p data-list-style-type-index=\"1.\" style=\"color: #4a5568; font-size: 15px; text-align: left;\" class=\"wptb-list-style-type-disc\"><a data-mce-href=\"..\/events\/23-01-21-einzelstunden-gruppenangebote-musik-meditation\/\" href=\"..\/events\/23-01-21-einzelstunden-gruppenangebote-musik-meditation\/\">23.01.2021<\/a>&nbsp;online \u2013 Offener Sing- und Tanzkreis<\/p><\/div>            <\/li>                                <\/ul><\/div><\/td><td class=\"wptb-cell\" data-y-index=\"1\" data-x-index=\"1\" style=\"border: 1px solid rgb(209, 209, 209);\" data-wptb-css-td-auto-width=\"true\"><div class=\"wptb-list-container wptb-ph-element wptb-element-list-9\"><ul>            <li class=\"wptb-in-element\" style=\"margin-bottom: 0px;\">                <div class=\"wptb-list-item-content\" style=\"position: relative;\"><p data-list-style-type-index=\"1.\" style=\"color: #4a5568; font-size: 15px; text-align: left;\" class=\"wptb-list-style-type-disc\"><a data-mce-href=\"..\/events\/17-07-21-einzelstunden-gruppenangebote-musik-meditation\/\" href=\"..\/events\/17-07-21-einzelstunden-gruppenangebote-musik-meditation\/\" data-mce-selected=\"inline-boundary\">17.07.2021<\/a> online - Offener Sing- und Tanzkreis<\/p><\/div>            <\/li>            <li class=\"wptb-in-element\" style=\"margin-bottom: 0px;\">                <div class=\"wptb-list-item-content\" style=\"position: relative;\"><p data-list-style-type-index=\"2.\" style=\"color: #4a5568; font-size: 15px; text-align: left;\" class=\"wptb-list-style-type-disc\"><a data-mce-href=\"..\/events\/31-07-21-einzelstunden-fortbildung-musik-meditation\/\" href=\"..\/events\/31-07-21-einzelstunden-fortbildung-musik-meditation\/\" data-mce-selected=\"inline-boundary\">31.07.2021<\/a> Fortbildung Musik und Meditation in Sch\u00f6neberg<\/p><\/div>            <\/li>                    <\/ul><\/div><\/td><\/tr><tr class=\"wptb-row\" style=\"background-color: rgba(255, 134, 113, 0.13);\"><td class=\"wptb-cell\" data-y-index=\"2\" data-x-index=\"0\" style=\"border: 1px solid rgb(209, 209, 209);\" data-wptb-css-td-auto-width=\"true\"><div class=\"wptb-list-container wptb-ph-element wptb-element-list-4\"><ul>            <li class=\"wptb-in-element\" style=\"margin-bottom: 0px;\">                <div class=\"wptb-list-item-content\" style=\"position: relative;\"><p data-list-style-type-index=\"1.\" style=\"color: #4a5568; font-size: 15px; text-align: left;\" class=\"wptb-list-style-type-disc\"><a data-mce-href=\"..\/events\/20-02-21-einzelstunden-gruppenangebote-musik-meditation\/\" href=\"..\/events\/20-02-21-einzelstunden-gruppenangebote-musik-meditation\/\">20.02.2021<\/a> online - Offener Sing- und Tanzkreis<\/p><\/div>            <\/li>                                <\/ul><\/div><div class=\"wptb-list-container wptb-ph-element wptb-element-list-3\"><ul>                                            <\/ul><\/div><\/td><td class=\"wptb-cell\" data-y-index=\"2\" data-x-index=\"1\" style=\"border: 1px solid rgb(209, 209, 209);\" data-wptb-css-td-auto-width=\"true\"><div class=\"wptb-list-container wptb-ph-element wptb-element-list-10\"><ul>            <li class=\"wptb-in-element\" style=\"margin-bottom: 0px;\">                <div class=\"wptb-list-item-content\" style=\"position: relative;\"><p data-list-style-type-index=\"1.\" style=\"color: #4a5568; font-size: 15px; text-align: left;\" class=\"wptb-list-style-type-disc\"><a data-mce-href=\"..\/events\/07-08-21-einzelstunden-online-schoeneberg\/\" href=\"..\/events\/07-08-21-einzelstunden-online-schoeneberg\/\" data-mce-selected=\"inline-boundary\">07.08.2021<\/a> Einzelstunden online und in Sch\u00f6neberg<\/p><\/div>            <\/li>            <li class=\"wptb-in-element\" style=\"margin-bottom: 0px;\">                <div class=\"wptb-list-item-content\" style=\"position: relative;\"><p data-list-style-type-index=\"2.\" style=\"color: #4a5568; font-size: 15px; text-align: left;\" class=\"wptb-list-style-type-disc\"><a data-mce-href=\"..\/events\/21-08-21-einzelstunden-gruppenangebote-musik-meditation\/\" href=\"..\/events\/21-08-21-einzelstunden-gruppenangebote-musik-meditation\/\">21.08.2021<\/a> online - Offener Sing- und Tanzkreis<\/p><\/div>            <\/li>            <li class=\"wptb-in-element\" style=\"margin-bottom: 0px;\">                <div class=\"wptb-list-item-content\" style=\"position: relative;\"><p data-list-style-type-index=\"3.\" style=\"color: #4a5568; font-size: 15px; text-align: left;\" class=\"wptb-list-style-type-disc\"><a data-mce-href=\"..\/events\/28-08-21-einzelstunden-fortbildung-musik-meditation\/\" href=\"..\/events\/28-08-21-einzelstunden-fortbildung-musik-meditation\/\">28.08.2021<\/a> Fortbildung Musik und Meditation in Sch\u00f6neberg<\/p><\/div>            <\/li>        <\/ul><\/div><\/td><\/tr><tr class=\"wptb-row\" style=\"background-color: rgba(245, 232, 154, 0.15);\"><td class=\"wptb-cell\" data-y-index=\"3\" data-x-index=\"0\" style=\"border: 1px solid rgb(209, 209, 209);\" data-wptb-css-td-auto-width=\"true\"><div class=\"wptb-list-container wptb-ph-element wptb-element-list-5\"><ul>            <li class=\"wptb-in-element\" style=\"margin-bottom: 0px;\">                <div class=\"wptb-list-item-content\" style=\"position: relative;\"><p data-list-style-type-index=\"1.\" style=\"color: #4a5568; font-size: 15px; text-align: left;\" class=\"wptb-list-style-type-disc\"><a data-mce-href=\"..\/events\/20-03-21-einzelstunden-gruppenangebote-musik-meditation\/\" href=\"..\/events\/20-03-21-einzelstunden-gruppenangebote-musik-meditation\/\">20.03.2021<\/a> online - Offener Sing- und Tanzkreis<\/p><\/div>            <\/li>            <li class=\"wptb-in-element\" style=\"margin-bottom: 0px;\">                <div class=\"wptb-list-item-content\" style=\"position: relative;\"><p data-list-style-type-index=\"2.\" style=\"color: #4a5568; font-size: 15px; text-align: left;\" class=\"wptb-list-style-type-disc\"><a data-mce-href=\"..\/events\/27-03-21-einzelstunden-gruppenangebote-musik-meditation\/\" href=\"..\/events\/27-03-21-einzelstunden-gruppenangebote-musik-meditation\/\">27.03.2021<\/a> online - Offener Sing- und Tanzkreis<\/p><\/div>            <\/li>                    <\/ul><\/div><\/td><td class=\"wptb-cell\" data-y-index=\"3\" data-x-index=\"1\" style=\"border: 1px solid rgb(209, 209, 209);\" data-wptb-css-td-auto-width=\"true\"><div class=\"wptb-list-container wptb-ph-element wptb-element-list-11\"><ul>            <li class=\"wptb-in-element\" style=\"margin-bottom: 0px;\">                <div class=\"wptb-list-item-content\" style=\"position: relative;\"><p data-list-style-type-index=\"1.\" style=\"color: #4a5568; font-size: 15px; text-align: left;\" class=\"wptb-list-style-type-disc\"><a data-mce-href=\"..\/040921-einzelst-online-und-schoeneberg\/\" href=\"..\/040921-einzelst-online-und-schoeneberg\/\">04.09.2021<\/a> Einzelstunden online und in Sch\u00f6neberg<\/p><\/div>            <\/li>            <li class=\"wptb-in-element\" style=\"margin-bottom: 0px;\">                <div class=\"wptb-list-item-content\" style=\"position: relative;\"><p data-list-style-type-index=\"2.\" style=\"color: #4a5568; font-size: 15px; text-align: left;\" class=\"wptb-list-style-type-disc\"><a data-mce-href=\"..\/180921-einzelst-gruppenang-musik-medi\/\" href=\"..\/180921-einzelst-gruppenang-musik-medi\/\">18.09.2021<\/a> online - Offener Sing- und Tanzkreis<\/p><\/div>            <\/li>            <li class=\"wptb-in-element\" style=\"margin-bottom: 0px;\">                <div class=\"wptb-list-item-content\" style=\"position: relative;\"><p data-list-style-type-index=\"3.\" style=\"color: #4a5568; font-size: 15px; text-align: left;\" class=\"wptb-list-style-type-disc\"><a data-mce-href=\"..\/events\/250921-einzelst-fortb-musik-meditation\/\" href=\"..\/events\/250921-einzelst-fortb-musik-meditation\/\">25.09.2021<\/a>&nbsp; Fortbildung Musik und Meditation in Sch\u00f6neberg<\/p><\/div>            <\/li>        <\/ul><\/div><\/td><\/tr><tr class=\"wptb-row\" style=\"background-color: rgba(255, 134, 113, 0.13);\"><td class=\"wptb-cell\" data-y-index=\"4\" data-x-index=\"0\" style=\"border: 1px solid rgb(209, 209, 209);\" data-wptb-css-td-auto-width=\"true\"><div class=\"wptb-list-container wptb-ph-element wptb-element-list-6 edit-active\"><ul>            <li class=\"wptb-in-element\" style=\"margin-bottom: 0px;\">                <div class=\"wptb-list-item-content\" style=\"position: relative;\"><p data-list-style-type-index=\"1.\" style=\"color: #4a5568; font-size: 15px; text-align: left;\" class=\"wptb-list-style-type-disc\"><a data-mce-href=\"..\/events\/17-04-21-einzelstunden-gruppenangebote-musik-meditation\/\" href=\"..\/events\/17-04-21-einzelstunden-gruppenangebote-musik-meditation\/\">17.04.2021<\/a> online - Offener Sing- und Tanzkreis<\/p><\/div>            <\/li>            <li class=\"wptb-in-element\" style=\"margin-bottom: 0px;\">                <div class=\"wptb-list-item-content\" style=\"position: relative;\"><p data-list-style-type-index=\"2.\" style=\"color: #4a5568; font-size: 15px; text-align: left;\" class=\"wptb-list-style-type-disc\"><a data-mce-href=\"..\/events\/24-04-21-fortbildung-musik\/\" href=\"..\/events\/24-04-21-fortbildung-musik\/\" data-mce-selected=\"inline-boundary\">24.04.2021<\/a> Fortbildung Musik und Meditation in Sch\u00f6neberg<\/p><\/div>            <\/li>                    <\/ul><\/div><\/td><td class=\"wptb-cell\" data-y-index=\"4\" data-x-index=\"1\" style=\"border: 1px solid rgb(209, 209, 209);\" data-wptb-css-td-auto-width=\"true\"><div class=\"wptb-list-container wptb-ph-element wptb-element-list-12\"><ul>            <li class=\"wptb-in-element\" style=\"margin-bottom: 0px;\">                <div class=\"wptb-list-item-content\" style=\"position: relative;\"><p data-list-style-type-index=\"1.\" style=\"color: #4a5568; font-size: 15px; text-align: left;\" class=\"wptb-list-style-type-disc\"><a data-mce-href=\"..\/events\/02-10-21-einzelst-online-und-schoeneberg\/\" href=\"..\/events\/02-10-21-einzelst-online-und-schoeneberg\/\">02.10.2021<\/a> Einzelstunden online und in Sch\u00f6neberg<\/p><\/div>            <\/li>            <li class=\"wptb-in-element\" style=\"margin-bottom: 0px;\">                <div class=\"wptb-list-item-content\" style=\"position: relative;\"><p data-list-style-type-index=\"2.\" style=\"color: #4a5568; font-size: 15px; text-align: left;\" class=\"wptb-list-style-type-disc\"><a data-mce-href=\"..\/events\/09-10-21-einzelst-gruppenang-musik-medi\/\" href=\"..\/events\/09-10-21-einzelst-gruppenang-musik-medi\/\">09.10.2021<\/a> online - Offener Sing- und Tanzkreis<\/p><\/div>            <\/li>            <li class=\"wptb-in-element\" style=\"margin-bottom: 0px;\">                <div class=\"wptb-list-item-content\" style=\"position: relative;\"><p data-list-style-type-index=\"3.\" style=\"color: #4a5568; font-size: 15px; text-align: left;\" class=\"wptb-list-style-type-disc\"><a data-mce-href=\"..\/events\/161021-einzelst-fortb-musik-meditation\/\" href=\"..\/events\/161021-einzelst-fortb-musik-meditation\/\">16.10.2021<\/a> Fortbildung Musik und Meditation in Sch\u00f6neberg<\/p><\/div>            <\/li>        <\/ul><\/div><\/td><\/tr><tr class=\"wptb-row\" style=\"background-color: rgba(245, 232, 154, 0.15);\"><td class=\"wptb-cell\" data-y-index=\"5\" data-x-index=\"0\" style=\"border: 1px solid rgb(209, 209, 209);\" data-wptb-css-td-auto-width=\"true\"><div class=\"wptb-list-container wptb-ph-element wptb-element-list-7\"><ul>            <li class=\"wptb-in-element\" style=\"margin-bottom: 0px;\">                <div class=\"wptb-list-item-content\" style=\"position: relative;\"><p data-list-style-type-index=\"1.\" style=\"color: #4a5568; font-size: 15px; text-align: left;\" class=\"wptb-list-style-type-disc\"><a data-mce-href=\"..\/events\/08-05-21-soumaya-gruppenangebote\/\" href=\"..\/events\/08-05-21-soumaya-gruppenangebote\/\">08.05.2021<\/a>&nbsp; online - Offener Sing- und Tanzkreis<\/p><\/div>            <\/li>            <li class=\"wptb-in-element\" style=\"margin-bottom: 0px;\">                <div class=\"wptb-list-item-content\" style=\"position: relative;\"><p data-list-style-type-index=\"2.\" style=\"color: #4a5568; font-size: 15px; text-align: left;\" class=\"wptb-list-style-type-disc\"><a data-mce-href=\"..\/events\/29-05-21-fortbildung-musik\/\" href=\"..\/events\/29-05-21-fortbildung-musik\/\">29.05.2021<\/a> Fortbildung Musik und Meditation in Sch\u00f6neberg<\/p><\/div>            <\/li>                    <\/ul><\/div><\/td><td class=\"wptb-cell\" data-y-index=\"5\" data-x-index=\"1\" style=\"border: 1px solid rgb(209, 209, 209);\" data-wptb-css-td-auto-width=\"true\"><div class=\"wptb-list-container wptb-ph-element wptb-element-list-13\"><ul>            <li class=\"wptb-in-element\" style=\"margin-bottom: 0px;\">                <div class=\"wptb-list-item-content\" style=\"position: relative;\"><p data-list-style-type-index=\"1.\" style=\"color: #4a5568; font-size: 15px; text-align: left;\" class=\"wptb-list-style-type-disc\"><a data-mce-href=\"..\/events\/061121-einzelst-gruppenang-musik-medi\/\" href=\"..\/events\/061121-einzelst-gruppenang-musik-medi\/\" data-mce-selected=\"inline-boundary\">06.11.2021<\/a>&nbsp; online - Offener Sing- und Tanzkreis<\/p><\/div>            <\/li>            <li class=\"wptb-in-element\" style=\"margin-bottom: 0px;\">                <div class=\"wptb-list-item-content\" style=\"position: relative;\"><p data-list-style-type-index=\"2.\" style=\"color: #4a5568; font-size: 15px; text-align: left;\" class=\"wptb-list-style-type-disc\"><a data-mce-href=\"..\/events\/201121-einzelst-fortb-musik-meditation\/\" href=\"..\/events\/201121-einzelst-fortb-musik-meditation\/\">20.11.2021<\/a> Fortbildung Musik und Meditation in Sch\u00f6neberg<\/p><\/div>            <\/li>            <li class=\"wptb-in-element\" style=\"margin-bottom: 0px;\">                <div class=\"wptb-list-item-content\" style=\"position: relative;\"><p data-list-style-type-index=\"3.\" style=\"color: #4a5568; font-size: 15px; text-align: left;\" class=\"wptb-list-style-type-disc\"><a data-mce-href=\"..\/events\/27-11-21-soumaya-fortbildung-huellhorst\/\" href=\"..\/events\/27-11-21-soumaya-fortbildung-huellhorst\/\">27.\/28.11.2021<\/a> Besonderes Wochenendprogramm au\u00dferhalb Berlins! Einzelstunden, Meditation und Fortbildung im Gesundheitshaus am&nbsp;Wiehengebirge<\/p><\/div>            <\/li>        <\/ul><\/div><\/td><\/tr><tr class=\"wptb-row\" style=\"background-color: rgba(255, 134, 113, 0.13);\"><td class=\"wptb-cell\" data-y-index=\"6\" data-x-index=\"0\" style=\"border: 1px solid rgb(209, 209, 209);\" data-wptb-css-td-auto-width=\"true\"><div class=\"wptb-list-container wptb-ph-element wptb-element-list-8\"><ul>            <li class=\"wptb-in-element\" style=\"margin-bottom: 0px;\">                <div class=\"wptb-list-item-content\" style=\"position: relative;\"><p data-list-style-type-index=\"1.\" style=\"color: #4a5568; font-size: 15px; text-align: left;\" class=\"wptb-list-style-type-disc\"><a data-mce-href=\"..\/events\/12-06-21-soumaya-gruppenangebote\" href=\"..\/events\/12-06-21-soumaya-gruppenangebote\" data-mce-selected=\"inline-boundary\">12.06.2021<\/a> online - Offener Sing- und Tanzkreis<\/p><\/div>            <\/li>            <li class=\"wptb-in-element\" style=\"margin-bottom: 0px;\">                <div class=\"wptb-list-item-content\" style=\"position: relative;\"><p data-list-style-type-index=\"2.\" style=\"color: #4a5568; font-size: 15px; text-align: left;\" class=\"wptb-list-style-type-disc\"><a data-mce-href=\"..\/events\/19-06-21-einzelstunden-fortbildung-musik-meditation\/\" href=\"..\/events\/19-06-21-einzelstunden-fortbildung-musik-meditation\/\" data-mce-selected=\"inline-boundary\">19.06.2021<\/a> Fortbildung Musik und Meditation in Sch\u00f6neberg<\/p><\/div>            <\/li>                    <\/ul><\/div><\/td><td class=\"wptb-cell\" data-y-index=\"6\" data-x-index=\"1\" style=\"border: 1px solid rgb(209, 209, 209);\" data-wptb-css-td-auto-width=\"true\"><div class=\"wptb-list-container wptb-ph-element wptb-element-list-14\"><ul>            <li class=\"wptb-in-element\" style=\"margin-bottom: 0px;\">                <div class=\"wptb-list-item-content\" style=\"position: relative;\"><p data-list-style-type-index=\"1.\" style=\"color: #4a5568; font-size: 15px; text-align: left;\" class=\"wptb-list-style-type-disc\"><a data-mce-href=\"..\/events\/041221-einzelst-gruppenang-musik-medi\/\" href=\"..\/events\/041221-einzelst-gruppenang-musik-medi\/\">04.12.2021<\/a> online - Offener Sing- und Tanzkreis<\/p><\/div>            <\/li>            <li class=\"wptb-in-element\" style=\"margin-bottom: 0px;\">                <div class=\"wptb-list-item-content\" style=\"position: relative;\"><p data-list-style-type-index=\"2.\" style=\"color: #4a5568; font-size: 15px; text-align: left;\" class=\"wptb-list-style-type-disc\"><a data-mce-href=\"..\/events\/111221-einzelst-fortb-musik-meditation\/\" href=\"..\/events\/111221-einzelst-fortb-musik-meditation\/\">11.12.2021<\/a> Fortbildung Musik und Meditation in Sch\u00f6neberg<\/p><\/div>            <\/li>                    <\/ul><\/div><\/td><\/tr><\/tbody><\/table>\n<\/div>\nIn [&hellip;]<\/p>\n","protected":false},"author":2,"featured_media":2272,"comment_status":"closed","ping_status":"open","sticky":false,"template":"","format":"standard","meta":{"_et_pb_use_builder":"on","_et_pb_old_content":"","_et_gb_content_width":"","_glsr_average":0,"_glsr_ranking":0,"_glsr_reviews":0,"footnotes":""},"categories":[10,13],"tags":[],"class_list":["post-913","post","type-post","status-publish","format-standard","has-post-thumbnail","hentry","category-musik","category-pranaheilung"],"_links":{"self":[{"href":"https:\/\/www.soumaya-hiltmann.com\/en\/wp-json\/wp\/v2\/posts\/913","targetHints":{"allow":["GET"]}}],"collection":[{"href":"https:\/\/www.soumaya-hiltmann.com\/en\/wp-json\/wp\/v2\/posts"}],"about":[{"href":"https:\/\/www.soumaya-hiltmann.com\/en\/wp-json\/wp\/v2\/types\/post"}],"author":[{"embeddable":true,"href":"https:\/\/www.soumaya-hiltmann.com\/en\/wp-json\/wp\/v2\/users\/2"}],"replies":[{"embeddable":true,"href":"https:\/\/www.soumaya-hiltmann.com\/en\/wp-json\/wp\/v2\/comments?post=913"}],"version-history":[{"count":0,"href":"https:\/\/www.soumaya-hiltmann.com\/en\/wp-json\/wp\/v2\/posts\/913\/revisions"}],"wp:featuredmedia":[{"embeddable":true,"href":"https:\/\/www.soumaya-hiltmann.com\/en\/wp-json\/wp\/v2\/media\/2272"}],"wp:attachment":[{"href":"https:\/\/www.soumaya-hiltmann.com\/en\/wp-json\/wp\/v2\/media?parent=913"}],"wp:term":[{"taxonomy":"category","embeddable":true,"href":"https:\/\/www.soumaya-hiltmann.com\/en\/wp-json\/wp\/v2\/categories?post=913"},{"taxonomy":"post_tag","embeddable":true,"href":"https:\/\/www.soumaya-hiltmann.com\/en\/wp-json\/wp\/v2\/tags?post=913"}],"curies":[{"name":"wp","href":"https:\/\/api.w.org\/{rel}","templated":true}]}}