{"id":2096,"date":"2021-11-30T16:36:58","date_gmt":"2021-11-30T15:36:58","guid":{"rendered":"https:\/\/www.soumaya-hiltmann.com\/?p=2096"},"modified":"2022-11-05T12:44:16","modified_gmt":"2022-11-05T11:44:16","slug":"samstage-2022","status":"publish","type":"post","link":"https:\/\/www.soumaya-hiltmann.com\/en\/samstage-2022\/","title":{"rendered":"Saturdays 2022 in Berlin Sch\u00f6neberg and online"},"content":{"rendered":"<p>[et_pb_section fb_built=&#8220;1&#8243; _builder_version=&#8220;4.16&#8243; _module_preset=&#8220;default&#8220; custom_padding=&#8220;0px||||false|false&#8220; global_colors_info=&#8220;{}&#8220;][et_pb_row _builder_version=&#8220;4.16&#8243; _module_preset=&#8220;default&#8220; global_colors_info=&#8220;{}&#8220;][et_pb_column type=&#8220;4_4&#8243; _builder_version=&#8220;4.16&#8243; _module_preset=&#8220;default&#8220; global_colors_info=&#8220;{}&#8220;][et_pb_text _builder_version=&#8220;4.16&#8243; _module_preset=&#8220;default&#8220; header_2_font=&#8220;Caveat||||||||&#8220; global_colors_info=&#8220;{}&#8220;]<\/p>\n<h2><strong>Liebe an Prana, Musik und Meditation Interessierte,<\/strong><\/h2>\n<p style=\"text-align: justify;\">jederzeit k\u00f6nnen Termine f\u00fcr Einzelstunden oder Kleingruppen in Berlin oder online verabredet werden. Zus\u00e4tzlich gibt es die Samstage und Wochenendworkshops.<br \/>Hier die aktuellen offenen online Sing- und Tanzkreisgruppen und Sch\u00f6neberger Prana &amp; Musik Samstage in 2022 mit Einzelstunden, Gruppen und Fortbildungen in 2022 f\u00fcr die Planung, zum Vormerken und Anmelden.<\/p>\n<ul><\/ul>\n<p>[\/et_pb_text][et_pb_text _builder_version=&#8220;4.16&#8243; _module_preset=&#8220;default&#8220; header_2_font=&#8220;Caveat||||||||&#8220; global_colors_info=&#8220;{}&#8220;]<\/p>\n<h2 style=\"text-align: center;\">Samstage 2022<\/h2>\n<p>[\/et_pb_text][et_pb_code admin_label=&#8220;Code Tabelle&#8220; _builder_version=&#8220;4.16&#8243; _module_preset=&#8220;default&#8220; global_colors_info=&#8220;{}&#8220;]<div class=\"wptb-container-legacy\" data-table-id=\"2095\">\n    <table class=\"wptb-preview-table wptb-element-main-table_setting-2070\" data-reconstraction=\"1\" style=\"border: 1px solid rgb(209, 209, 209);\" data-wptb-table-tds-sum-max-width=\"263.75\" data-wptb-cells-width-auto-count=\"2\" data-wptb-extra-styles=\"LyogRW50ZXIgeW91ciBjdXN0b20gQ1NTIHJ1bGVzIGhlcmUgKi8=\" role=\"table\" data-table-columns=\"2\" data-wptb-responsive-directives=\"eyJyZXNwb25zaXZlRW5hYmxlZCI6dHJ1ZSwicmVzcG9uc2l2ZU1vZGUiOiJhdXRvIiwicHJlc2VydmVSb3dDb2xvciI6ZmFsc2UsInJlbGF0aXZlV2lkdGgiOiJ3aW5kb3ciLCJoZWFkZXJGdWxseU1lcmdlZCI6ZmFsc2UsIm1vZGVPcHRpb25zIjp7ImF1dG8iOnsiZGlzYWJsZWQiOnsiZGVza3RvcCI6ZmFsc2UsInRhYmxldCI6ZmFsc2UsIm1vYmlsZSI6ZmFsc2V9LCJ0b3BSb3dBc0hlYWRlciI6eyJkZXNrdG9wIjpmYWxzZSwidGFibGV0IjpmYWxzZSwibW9iaWxlIjpmYWxzZX0sInJlcGVhdE1lcmdlZEhlYWRlciI6eyJkZXNrdG9wIjp0cnVlLCJ0YWJsZXQiOnRydWUsIm1vYmlsZSI6dHJ1ZX0sInN0YXRpY1RvcFJvdyI6eyJkZXNrdG9wIjpmYWxzZSwidGFibGV0IjpmYWxzZSwibW9iaWxlIjpmYWxzZX0sImNlbGxTdGFja0RpcmVjdGlvbiI6eyJkZXNrdG9wIjoicm93IiwidGFibGV0IjoiY29sdW1uIiwibW9iaWxlIjoiY29sdW1uIn0sImNlbGxzUGVyUm93Ijp7ImRlc2t0b3AiOjEsInRhYmxldCI6MSwibW9iaWxlIjoxfX19LCJicmVha3BvaW50cyI6eyJkZXNrdG9wIjp7Im5hbWUiOiJkZXNrdG9wIiwid2lkdGgiOjEwMjR9LCJ0YWJsZXQiOnsibmFtZSI6InRhYmxldCIsIndpZHRoIjo3MDB9LCJtb2JpbGUiOnsibmFtZSI6Im1vYmlsZSIsIndpZHRoIjozMDB9fX0=\" data-wptb-adaptive-table=\"0\" data-wptb-header-background-color=\"#FF8671C7\" data-wptb-even-row-background-color=\"#F5E89A26\" data-wptb-odd-row-background-color=\"#FF867121\" data-wptb-horizontal-scroll-status=\"false\"><tbody><tr class=\"wptb-row\" style=\"background-color: rgba(255, 134, 113, 0.78);\"><td class=\"wptb-cell\" data-y-index=\"0\" data-x-index=\"0\" style=\"border: 1px solid rgb(209, 209, 209);\" data-wptb-css-td-auto-width=\"true\"><div class=\"wptb-text-container wptb-ph-element wptb-element-text-1\" style=\"color: rgb(74, 85, 104); font-size: 15px;\"><div class=\"\" style=\"position: relative;\"><p style=\"text-align: center;\"><strong>1. Halbjahr 2022<\/strong><\/p><\/div><\/div><\/td><td class=\"wptb-cell\" data-y-index=\"0\" data-x-index=\"1\" style=\"border: 1px solid rgb(209, 209, 209);\" data-wptb-css-td-auto-width=\"true\"><div class=\"wptb-text-container wptb-ph-element wptb-element-text-2\" style=\"color: rgb(74, 85, 104); font-size: 15px;\"><div class=\"\" style=\"position: relative;\"><p style=\"text-align: center;\"><strong>2. Halbjahr 2022<\/strong><\/p><\/div><\/div><\/td><\/tr><tr class=\"wptb-row\" style=\"background-color: rgba(245, 232, 154, 0.15);\"><td class=\"wptb-cell\" data-y-index=\"1\" data-x-index=\"0\" style=\"border: 1px solid rgb(209, 209, 209);\" data-wptb-css-td-auto-width=\"true\"><div class=\"wptb-list-container wptb-ph-element wptb-element-list-2\"><ul>            <li class=\"wptb-in-element\" style=\"margin-bottom: 0px;\">                <div class=\"wptb-list-item-content\" style=\"position: relative;\"><p class=\"wptb-list-style-type-disc\" style=\"color: #4a5568; font-size: 15px; text-align: left;\" data-list-style-type-index=\"1.\"><a data-mce-href=\"..\/events\/15-01-22-einzelst-fortb-musik-medi\/\" href=\"..\/events\/15-01-22-einzelst-fortb-musik-medi\/\"><em><strong>15.01.2022<\/strong><\/em><\/a> 16:30 Uhr \u2013 18:00 Uhr Fortbildung Musik und&nbsp;18:30 Uhr Meditation (1h)&nbsp; \/ Heilritual (1h) in <strong>Sch\u00f6neberg&nbsp;<\/strong>und Einzelstunden in Sch\u00f6neberg oder online nach Absprache (10:00 Uhr \u2013 15:00 Uhr)<\/p><\/div>            <\/li><li class=\"wptb-in-element\" style=\"margin-bottom: 0px;\">                <div class=\"wptb-list-item-content\" style=\"position: relative;\"><p class=\"wptb-list-style-type-disc\" style=\"color: #4a5568; font-size: 15px; text-align: left;\" data-list-style-type-index=\"2.\"><a data-mce-href=\"..\/events\/04-12-21-einzelst-gruppenan-musik-medi\/\" href=\"..\/events\/04-12-21-einzelst-gruppenan-musik-medi\/\"><strong><em>29.01.2022<\/em><\/strong><\/a> 16:00 Uhr \u2013 17:30 Uhr <strong>online<\/strong> Singkreis und T\u00e4nze des Universellen Friedens und Einzelstunden in Sch\u00f6neberg oder online nach Absprache (10:00 Uhr \u2013 15:00 Uhr und 18:00 Uhr \u2013 21:00 Uhr)<\/p><\/div>            <\/li>                                <\/ul><\/div><\/td><td class=\"wptb-cell\" data-y-index=\"1\" data-x-index=\"1\" style=\"border: 1px solid rgb(209, 209, 209);\" data-wptb-css-td-auto-width=\"true\"><div class=\"wptb-list-container wptb-ph-element wptb-element-list-19\"><ul>            <li class=\"wptb-in-element\" style=\"margin-bottom: 0px;\">                <div class=\"wptb-list-item-content\" style=\"position: relative;\"><p data-list-style-type-index=\"1.\" style=\"color: #4a5568; font-size: 15px; text-align: left;\" class=\"wptb-list-style-type-disc\"><a data-mce-href=\"..\/events\/30-07-22-fortbildung\/\" href=\"..\/events\/30-07-22-fortbildung\/\"><em><strong>30.07.2022<\/strong><\/em><\/a> 16:30 Uhr \u2013 18:00 Uhr Fortbildung Musik und&nbsp;18:30 Uhr Meditation (1h)&nbsp; \/ Heilritual (1h) in <strong>Sch\u00f6neberg&nbsp;<\/strong>und Einzelstunden in Sch\u00f6neberg oder online nach Absprache (10:00 Uhr \u2013 15:00 Uhr)<\/p><\/div>            <\/li>                                <\/ul><\/div><div class=\"wptb-list-container wptb-ph-element wptb-element-list-25\"><ul>                                            <\/ul><\/div><\/td><\/tr><tr class=\"wptb-row\" style=\"background-color: rgba(255, 134, 113, 0.13);\"><td class=\"wptb-cell\" data-y-index=\"2\" data-x-index=\"0\" style=\"border: 1px solid rgb(209, 209, 209);\" data-wptb-css-td-auto-width=\"true\"><div class=\"wptb-list-container wptb-ph-element wptb-element-list-4\"><ul>            <li class=\"wptb-in-element\" style=\"margin-bottom: 0px;\">                <div class=\"wptb-list-item-content\" style=\"position: relative;\"><p data-list-style-type-index=\"1.\" style=\"color: #4a5568; font-size: 15px; text-align: left;\" class=\"wptb-list-style-type-disc\"><a data-mce-href=\"..\/12-02-22-einzelstu-fortb-musik-meditat\/\" href=\"..\/12-02-22-einzelstu-fortb-musik-meditat\/\"><em><strong>12.02.2022<\/strong><\/em><\/a> 16:30 Uhr \u2013 18:00 Uhr Fortbildung Musik und&nbsp;18:30 Uhr Meditation (1h)&nbsp; \/ Heilritual (1h) in <strong>Sch\u00f6neberg&nbsp;<\/strong>und Einzelstunden in Sch\u00f6neberg oder online nach Absprache (10:00 Uhr \u2013 15:00 Uhr)<\/p><\/div>            <\/li><li class=\"wptb-in-element\" style=\"margin-bottom: 0px;\">                <div class=\"wptb-list-item-content\" style=\"position: relative;\"><p data-list-style-type-index=\"2.\" style=\"color: #4a5568; font-size: 15px; text-align: left;\" class=\"wptb-list-style-type-disc\"><a data-mce-href=\"..\/events\/19-02-22-einzelst-gruppenan-musik-medi\/\" href=\"..\/events\/19-02-22-einzelst-gruppenan-musik-medi\/\"><em class=\"\"><strong>19.02.2022<\/strong><\/em><\/a>&nbsp;16:00 Uhr \u2013 17:30 Uhr <strong>online<\/strong> Singkreis und T\u00e4nze des Universellen Friedens und Einzelstunden in Sch\u00f6neberg oder online nach Absprache (10:00 Uhr \u2013 15:00 Uhr und 18:00 Uhr \u2013 21:00 Uhr)<\/p><\/div>            <\/li>                                <\/ul><\/div><div class=\"wptb-list-container wptb-ph-element wptb-element-list-3\"><ul>                                            <\/ul><\/div><\/td><td class=\"wptb-cell\" data-y-index=\"2\" data-x-index=\"1\" style=\"border: 1px solid rgb(209, 209, 209);\" data-wptb-css-td-auto-width=\"true\"><div class=\"wptb-list-container wptb-ph-element wptb-element-list-20\"><ul>            <li class=\"wptb-in-element\" style=\"margin-bottom: 0px;\">                <div class=\"wptb-list-item-content\" style=\"position: relative;\"><p data-list-style-type-index=\"1.\" style=\"color: #4a5568; font-size: 15px; text-align: left;\" class=\"wptb-list-style-type-disc\"><a data-mce-href=\"..\/events\/06-08-22-online\/\" href=\"..\/events\/06-08-22-online\/\"><strong><em>06.08.2022<\/em><\/strong><\/a> 16:00 Uhr \u2013 17:30 Uhr <strong>online<\/strong> Singkreis und T\u00e4nze des Universellen Friedens und Einzelstunden in Sch\u00f6neberg oder online nach Absprache (10:00 Uhr \u2013 15:00 Uhr und 18:00 Uhr \u2013 21:00 Uhr)<\/p><\/div>            <\/li><li class=\"wptb-in-element\" style=\"margin-bottom: 0px;\">                <div class=\"wptb-list-item-content\" style=\"position: relative;\"><p data-list-style-type-index=\"2.\" style=\"color: #4a5568; font-size: 15px; text-align: left;\" class=\"wptb-list-style-type-disc\"><a data-mce-href=\"..\/events\/20-08-22-fortbildung\/\" href=\"..\/events\/20-08-22-fortbildung\/\"><strong><em>20.08.2022<\/em><\/strong><\/a> 16:30 Uhr \u2013 18:00 Uhr Fortbildung Musik und&nbsp;18:30 Uhr Meditation (1h)&nbsp; \/ Heilritual (1h) in <strong>Sch\u00f6neberg&nbsp;<\/strong>und Einzelstunden in Sch\u00f6neberg oder online nach Absprache (10:00 Uhr \u2013 15:00 Uhr)<\/p><\/div>            <\/li>                                <\/ul><\/div><\/td><\/tr><tr class=\"wptb-row\" style=\"background-color: rgba(245, 232, 154, 0.15);\"><td class=\"wptb-cell\" data-y-index=\"3\" data-x-index=\"0\" style=\"border: 1px solid rgb(209, 209, 209);\" data-wptb-css-td-auto-width=\"true\"><div class=\"wptb-list-container wptb-ph-element wptb-element-list-15\"><ul>            <li class=\"wptb-in-element\" style=\"margin-bottom: 0px;\">                <div class=\"wptb-list-item-content\" style=\"position: relative;\"><p data-list-style-type-index=\"1.\" style=\"color: #4a5568; font-size: 15px; text-align: left;\" class=\"wptb-list-style-type-disc\"><a data-mce-href=\"..\/events\/19-03-22-einzelstu-fortb-musik-meditat\/\" href=\"..\/events\/19-03-22-einzelstu-fortb-musik-meditat\/\"><em><strong>19.03.2022<\/strong><\/em><\/a> 16:30 Uhr \u2013 18:00 Uhr Fortbildung Musik und&nbsp;18:30 Uhr Meditation (1h)&nbsp; \/ Heilritual (1h) in <strong>Sch\u00f6neberg<\/strong>&nbsp;und Einzelstunden in Sch\u00f6neberg oder online nach Absprache (10:00 Uhr \u2013 15:00 Uhr)<\/p><\/div>            <\/li><li class=\"wptb-in-element\" style=\"margin-bottom: 0px;\">                <div class=\"wptb-list-item-content\" style=\"position: relative;\"><p data-list-style-type-index=\"2.\" style=\"color: #4a5568; font-size: 15px; text-align: left;\" class=\"wptb-list-style-type-disc\"><a data-mce-href=\"..\/events\/26-03-22-einzelst-gruppenan-musik-medi\/\" href=\"..\/events\/26-03-22-einzelst-gruppenan-musik-medi\/\"><strong class=\"\"><em>26.03.2022<\/em><\/strong><\/a>&nbsp;16:00 Uhr \u2013 17:30 Uhr <strong>online<\/strong> Singkreis und T\u00e4nze des Universellen Friedens und Einzelstunden in Sch\u00f6neberg oder online nach Absprache (10:00 Uhr \u2013 15:00 Uhr und 18:00 Uhr \u2013 21:00 Uhr)<\/p><\/div>            <\/li>                                <\/ul><\/div><\/td><td class=\"wptb-cell\" data-y-index=\"3\" data-x-index=\"1\" style=\"border: 1px solid rgb(209, 209, 209);\" data-wptb-css-td-auto-width=\"true\"><div class=\"wptb-list-container wptb-ph-element wptb-element-list-21\"><ul>            <li class=\"wptb-in-element\" style=\"margin-bottom: 0px;\">                <div class=\"wptb-list-item-content\" style=\"position: relative;\"><p data-list-style-type-index=\"1.\" style=\"color: #4a5568; font-size: 15px; text-align: left;\" class=\"wptb-list-style-type-disc\"><a data-mce-href=\"..\/events\/03-09-22-online\/\" href=\"..\/events\/03-09-22-online\/\"><em class=\"\"><strong>03.09.2022<\/strong><\/em><\/a> 16:00 Uhr \u2013 17:30 Uhr <strong>online<\/strong> Singkreis und T\u00e4nze des Universellen Friedens und Einzelstunden in Sch\u00f6neberg oder online nach Absprache (10:00 Uhr \u2013 15:00 Uhr und 18:00 Uhr \u2013 21:00 Uhr)<\/p><\/div>            <\/li><li class=\"wptb-in-element\" style=\"margin-bottom: 0px;\">                <div class=\"wptb-list-item-content\" style=\"position: relative;\"><p data-list-style-type-index=\"2.\" style=\"color: #4a5568; font-size: 15px; text-align: left;\" class=\"wptb-list-style-type-disc\"><a data-mce-href=\"..\/events\/17-09-22-fortbildung\/\" href=\"..\/events\/17-09-22-fortbildung\/\"><em class=\"\"><strong>17.09.2022<\/strong><\/em><\/a> 16:30 Uhr \u2013 18:00 Uhr Fortbildung Musik und&nbsp;18:30 Uhr Meditation (1h)&nbsp; \/ Heilritual (1h) in <strong>Sch\u00f6neberg&nbsp;<\/strong>und Einzelstunden in Sch\u00f6neberg oder online nach Absprache (10:00 Uhr \u2013 15:00 Uhr)<\/p><\/div>            <\/li>                                <\/ul><\/div><\/td><\/tr><tr class=\"wptb-row\" style=\"background-color: rgba(255, 134, 113, 0.13);\"><td class=\"wptb-cell\" data-y-index=\"4\" data-x-index=\"0\" style=\"border: 1px solid rgb(209, 209, 209);\" data-wptb-css-td-auto-width=\"true\"><div class=\"wptb-list-container wptb-ph-element wptb-element-list-16\"><ul>            <li class=\"wptb-in-element\" style=\"margin-bottom: 0px;\">                <div class=\"wptb-list-item-content\" style=\"position: relative;\"><p data-list-style-type-index=\"1.\" style=\"color: #4a5568; font-size: 15px; text-align: left;\" class=\"wptb-list-style-type-disc\"><a data-mce-href=\"..\/events\/23-04-22-einzelst-gruppenan-musik-medi\/\" href=\"..\/events\/23-04-22-einzelst-gruppenan-musik-medi\/\"><em><strong>23.04.2022<\/strong><\/em><\/a> 16:00 Uhr \u2013 17:30 Uhr <strong>online<\/strong> Singkreis und T\u00e4nze des Universellen Friedens und Einzelstunden in Sch\u00f6neberg oder online nach Absprache (10:00 Uhr \u2013 15:00 Uhr und 18:00 Uhr \u2013 21:00 Uhr)<\/p><\/div>            <\/li><li class=\"wptb-in-element\" style=\"margin-bottom: 0px;\">                <div class=\"wptb-list-item-content\" style=\"position: relative;\"><p data-list-style-type-index=\"2.\" style=\"color: #4a5568; font-size: 15px; text-align: left;\" class=\"wptb-list-style-type-disc\"><a data-mce-href=\"..\/events\/30-04-22-einzelstu-fortb-musik-meditat\/\" href=\"..\/events\/30-04-22-einzelstu-fortb-musik-meditat\/\"><em><strong>\ufeff30.04.2022<\/strong><\/em><\/a> 16:30 Uhr \u2013 18:00 Uhr Fortbildung Musik und&nbsp;18:30 Uhr Meditation (1h)&nbsp; \/ Heilritual (1h) in <strong>Sch\u00f6neberg&nbsp;<\/strong>und Einzelstunden in Sch\u00f6neberg oder online nach Absprache (10:00 Uhr \u2013 15:00 Uhr)<\/p><\/div>            <\/li>                                <\/ul><\/div><\/td><td class=\"wptb-cell\" data-y-index=\"4\" data-x-index=\"1\" style=\"border: 1px solid rgb(209, 209, 209);\" data-wptb-css-td-auto-width=\"true\"><div class=\"wptb-list-container wptb-ph-element wptb-element-list-22\"><ul>            <li class=\"wptb-in-element\" style=\"margin-bottom: 0px;\">                <div class=\"wptb-list-item-content\" style=\"position: relative;\"><p data-list-style-type-index=\"1.\" style=\"color: #4a5568; font-size: 15px; text-align: left;\" class=\"wptb-list-style-type-disc\"><a data-mce-href=\"..\/events\/08-10-22-online\/\" href=\"..\/events\/08-10-22-online\/\"><em><strong>08.10.2022<\/strong><\/em><\/a> 16:00 Uhr \u2013 17:30 Uhr <strong>online<\/strong> Singkreis und T\u00e4nze des Universellen Friedens und Einzelstunden in Sch\u00f6neberg oder online nach Absprache (10:00 Uhr \u2013 15:00 Uhr und 18:00 Uhr \u2013 21:00 Uhr)<\/p><\/div>            <\/li><li class=\"wptb-in-element\" style=\"margin-bottom: 0px;\">                <div class=\"wptb-list-item-content\" style=\"position: relative;\"><p data-list-style-type-index=\"2.\" style=\"color: #4a5568; font-size: 15px; text-align: left;\" class=\"wptb-list-style-type-disc\"><a data-mce-href=\"..\/events\/15-10-22-fortbildung\/\" href=\"..\/events\/15-10-22-fortbildung\/\"><em><strong>15.10.2022<\/strong><\/em><\/a> 16:30 Uhr \u2013 18:00 Uhr Fortbildung Musik und&nbsp;18:30 Uhr Meditation (1h)&nbsp; \/ Heilritual (1h) in <strong>Sch\u00f6neberg&nbsp;<\/strong>und Einzelstunden in Sch\u00f6neberg oder online nach Absprache (10:00 Uhr \u2013 15:00 Uhr)<\/p><\/div>            <\/li>                                <\/ul><\/div><\/td><\/tr><tr class=\"wptb-row\" style=\"background-color: rgba(245, 232, 154, 0.15);\"><td class=\"wptb-cell\" data-y-index=\"5\" data-x-index=\"0\" style=\"border: 1px solid rgb(209, 209, 209);\" data-wptb-css-td-auto-width=\"true\"><div class=\"wptb-list-container wptb-ph-element wptb-element-list-17\"><ul>            <li class=\"wptb-in-element\" style=\"margin-bottom: 0px;\">                <div class=\"wptb-list-item-content\" style=\"position: relative;\"><p data-list-style-type-index=\"1.\" style=\"color: #4a5568; font-size: 15px; text-align: left;\" class=\"wptb-list-style-type-disc\"><a data-mce-href=\"..\/events\/14-05-22-einzelstu-fortb-musik-meditat\/\" href=\"..\/events\/14-05-22-einzelstu-fortb-musik-meditat\/\"><strong><em>14.05.2022<\/em><\/strong><\/a> 16:30 Uhr \u2013 18:00 Uhr Fortbildung Musik und&nbsp;18:30 Uhr Meditation (1h)&nbsp; \/ Heilritual (1h) in <strong>Sch\u00f6neberg&nbsp;<\/strong>und Einzelstunden in Sch\u00f6neberg oder online nach Absprache (10:00 Uhr \u2013 15:00 Uhr)<\/p><\/div>            <\/li><li class=\"wptb-in-element\" style=\"margin-bottom: 0px;\">                <div class=\"wptb-list-item-content\" style=\"position: relative;\"><p data-list-style-type-index=\"2.\" style=\"color: #4a5568; font-size: 15px; text-align: left;\" class=\"wptb-list-style-type-disc\"><a data-mce-href=\"..\/events\/21-05-22-einzelst-gruppenan-musik-medi\/\" href=\"..\/events\/21-05-22-einzelst-gruppenan-musik-medi\/\"><em><strong>21.05.2022<\/strong><\/em><\/a>&nbsp;16:00 Uhr \u2013 17:30 Uhr <strong>online<\/strong> Singkreis und T\u00e4nze des Universellen Friedens und Einzelstunden in Sch\u00f6neberg oder online nach Absprache (10:00 Uhr \u2013 15:00 Uhr und 18:00 Uhr \u2013 21:00 Uhr)<\/p><\/div>            <\/li>                                <\/ul><\/div><\/td><td class=\"wptb-cell\" data-y-index=\"5\" data-x-index=\"1\" style=\"border: 1px solid rgb(209, 209, 209);\" data-wptb-css-td-auto-width=\"true\"><div class=\"wptb-list-container wptb-ph-element wptb-element-list-23\"><ul>            <li class=\"wptb-in-element\" style=\"margin-bottom: 0px;\">                <div class=\"wptb-list-item-content\" style=\"position: relative;\"><p data-list-style-type-index=\"1.\" style=\"color: #4a5568; font-size: 15px; text-align: left;\" class=\"wptb-list-style-type-disc\"><a data-mce-href=\"..\/events\/12-11-22-online\/\" href=\"..\/events\/12-11-22-online\/\"><strong><em>12.11.2022<\/em><\/strong><\/a> 16:00 Uhr \u2013 17:30 Uhr <strong>online<\/strong> Singkreis und T\u00e4nze des Universellen Friedens und Einzelstunden in Sch\u00f6neberg oder online nach Absprache (10:00 Uhr \u2013 15:00 Uhr und 18:00 Uhr \u2013 21:00 Uhr)<\/p><\/div>            <\/li><li class=\"wptb-in-element\" style=\"margin-bottom: 0px;\">                <div class=\"wptb-list-item-content\" style=\"position: relative;\"><p data-list-style-type-index=\"2.\" style=\"color: #4a5568; font-size: 15px; text-align: left;\" class=\"wptb-list-style-type-disc\"><a data-mce-href=\"..\/events\/19-11-22-fortb-gesundheitsh-huellhorst\/\" href=\"..\/events\/19-11-22-fortb-gesundheitsh-huellhorst\/\">18.\/19.\/20.11.2022<\/a>&nbsp;Besonderes Wochenendprogramm au\u00dferhalb Berlins! Einzelstunden, Meditation, Heilritual und Fortbildung im Gesundheitshaus am&nbsp;Wiehengebirge<\/p><\/div>            <\/li><li class=\"wptb-in-element\" style=\"margin-bottom: 0px;\">                <div class=\"wptb-list-item-content\" style=\"position: relative;\"><p data-list-style-type-index=\"3.\" style=\"color: #4a5568; font-size: 15px; text-align: left;\" class=\"wptb-list-style-type-disc\"><a data-mce-href=\"..\/events\/26-11-22-fortbildung\/\" href=\"..\/events\/26-11-22-fortbildung\/\" data-mce-selected=\"inline-boundary\"><strong><em>26.11.2022<\/em><\/strong><\/a> 16:30 Uhr \u2013 18:00 Uhr Fortbildung Musik und&nbsp;18:30 Uhr Meditation (1h)&nbsp; \/ Heilritual (1h) in <strong>Sch\u00f6neberg&nbsp;<\/strong>und Einzelstunden in Sch\u00f6neberg oder online nach Absprache (10:00 Uhr \u2013 15:00 Uhr)<\/p><\/div>            <\/li>                                <\/ul><\/div><div class=\"wptb-list-container wptb-ph-element wptb-element-list-13\"><ul>                                            <\/ul><\/div><\/td><\/tr><tr class=\"wptb-row\" style=\"background-color: rgba(255, 134, 113, 0.13);\"><td class=\"wptb-cell\" data-y-index=\"6\" data-x-index=\"0\" style=\"border: 1px solid rgb(209, 209, 209);\" data-wptb-css-td-auto-width=\"true\"><div class=\"wptb-list-container wptb-ph-element wptb-element-list-18\"><ul>            <li class=\"wptb-in-element\" style=\"margin-bottom: 0px;\">                <div class=\"wptb-list-item-content\" style=\"position: relative;\"><p data-list-style-type-index=\"1.\" style=\"color: #4a5568; font-size: 15px; text-align: left;\" class=\"wptb-list-style-type-disc\"><a data-mce-href=\"..\/events\/11-06-22-einzelstu-fortb-musik-meditat\/\" href=\"..\/events\/11-06-22-einzelstu-fortb-musik-meditat\/\"><em><strong>11.06.2022<\/strong><\/em><\/a> 16:30 Uhr \u2013 18:00 Uhr Fortbildung Musik und&nbsp;18:30 Uhr Meditation (1h)&nbsp; \/ Heilritual (1h) in <strong>Sch\u00f6neberg&nbsp;<\/strong>und Einzelstunden in Sch\u00f6neberg oder online nach Absprache (10:00 Uhr \u2013 15:00 Uhr)<\/p><\/div>            <\/li><li class=\"wptb-in-element\" style=\"margin-bottom: 0px;\">                <div class=\"wptb-list-item-content\" style=\"position: relative;\"><p data-list-style-type-index=\"2.\" style=\"color: #4a5568; font-size: 15px; text-align: left;\" class=\"wptb-list-style-type-disc\"><a data-mce-href=\"..\/events\/25-06-22-einzelst-gruppenan-musik-medi\/\" href=\"..\/events\/25-06-22-einzelst-gruppenan-musik-medi\/\"><em><strong>25.06.2022<\/strong><\/em><\/a>&nbsp;16:00 Uhr \u2013 17:30 Uhr <strong>online<\/strong> Singkreis und T\u00e4nze des Universellen Friedens und Einzelstunden in Sch\u00f6neberg oder online nach Absprache (10:00 Uhr \u2013 15:00 Uhr und 18:00 Uhr \u2013 21:00 Uhr)<\/p><\/div>            <\/li>                                <\/ul><\/div><\/td><td class=\"wptb-cell\" data-y-index=\"6\" data-x-index=\"1\" style=\"border: 1px solid rgb(209, 209, 209);\" data-wptb-css-td-auto-width=\"true\"><div class=\"wptb-list-container wptb-ph-element wptb-element-list-24 edit-active\"><ul>            <li class=\"wptb-in-element\" style=\"margin-bottom: 0px;\">                <div class=\"wptb-list-item-content\" style=\"position: relative;\"><p class=\"wptb-list-style-type-disc\" style=\"color: #4a5568; font-size: 15px; text-align: left;\" data-list-style-type-index=\"1.\"><a data-mce-href=\"..\/events\/03-12-22-online\/\" href=\"..\/events\/03-12-22-online\/\" data-mce-selected=\"inline-boundary\"><em><strong>03.12.2022<\/strong><\/em><\/a>&nbsp;16:00 Uhr \u2013 17:30 Uhr <strong>online<\/strong> Singkreis und T\u00e4nze des Universellen Friedens und Einzelstunden in Sch\u00f6neberg oder online nach Absprache (10:00 Uhr \u2013 15:00 Uhr und 18:00 Uhr \u2013 21:00 Uhr)<\/p><\/div>            <\/li><li class=\"wptb-in-element\" style=\"margin-bottom: 0px;\">                <div class=\"wptb-list-item-content\" style=\"position: relative;\"><p class=\"wptb-list-style-type-disc\" style=\"color: #4a5568; font-size: 15px; text-align: left;\" data-list-style-type-index=\"2.\"><a data-mce-href=\"..\/events\/10-12-22-fortbildung\/\" href=\"..\/events\/10-12-22-fortbildung\/\" data-mce-selected=\"inline-boundary\"><em><strong>10.12.2022<\/strong><\/em><\/a>&nbsp;16:30 Uhr \u2013 18:00 Uhr Fortbildung Musik und&nbsp;18:30 Uhr Meditation (1h)&nbsp; \/ Heilritual (1h) in&nbsp;<strong>Sch\u00f6neberg<\/strong>&nbsp;und Einzelstunden in Sch\u00f6neberg oder online nach Absprache (10:00 Uhr \u2013 15:00 Uhr)<\/p><\/div>            <\/li>                                <\/ul><\/div><div class=\"wptb-list-container wptb-ph-element wptb-element-list-26\"><ul>                                            <\/ul><\/div><\/td><\/tr><\/tbody><\/table>\n<\/div>\n[\/et_pb_code][et_pb_text _builder_version=&#8220;4.16&#8243; _module_preset=&#8220;default&#8220; header_2_font=&#8220;Caveat||||||||&#8220; global_colors_info=&#8220;{}&#8220;]<\/p>\n<h2 style=\"text-align: center;\">In Vorfreude auf Anfragen und Anmeldungen, herzlichst, Soumaya<\/h2>\n<p>[\/et_pb_text][et_pb_cta button_url=&#8220;@ET-DC@eyJkeW5hbWljIjp0cnVlLCJjb250ZW50IjoicG9zdF9saW5rX3VybF9wYWdlIiwic2V0dGluZ3MiOnsicG9zdF9pZCI6IjQwNyJ9fQ==@&#8220; button_text=&#8220;zum Kontaktformular&#8220; button_text_tablet=&#8220;zum Kontaktformular&#8220; button_text_phone=&#8220;zum Kontaktformular&#8220; button_text_last_edited=&#8220;on|phone&#8220; _builder_version=&#8220;4.16&#8243; _dynamic_attributes=&#8220;button_url&#8220; _module_preset=&#8220;default&#8220; header_font=&#8220;Caveat||||||||&#8220; background_color=&#8220;RGBA(0,0,0,0)&#8220; use_background_color_gradient=&#8220;on&#8220; background_color_gradient_direction=&#8220;90deg&#8220; background_color_gradient_stops=&#8220;rgba(0,0,0,0) 0%|rgba(0,0,0,0) 100%&#8220; background_color_gradient_start=&#8220;rgba(0,0,0,0)&#8220; background_color_gradient_end=&#8220;rgba(0,0,0,0)&#8220; custom_button=&#8220;on&#8220; button_text_color=&#8220;#000000&#8243; button_bg_color=&#8220;#c1c1c1&#8243; button_bg_use_color_gradient=&#8220;on&#8220; button_bg_color_gradient_stops=&#8220;#f5e89a 0%|#ff8671 100%&#8220; button_bg_color_gradient_start=&#8220;#f5e89a&#8220; button_bg_color_gradient_end=&#8220;#ff8671&#8243; button_border_color=&#8220;#000000&#8243; background_layout=&#8220;light&#8220; custom_padding=&#8220;8px|||||&#8220; button_text_size_tablet=&#8220;&#8220; button_text_size_phone=&#8220;12px&#8220; button_text_size_last_edited=&#8220;on|desktop&#8220; global_colors_info=&#8220;{}&#8220;]<\/p>\n<h2>Benutzen Sie einfach das Kontaktformular f\u00fcr Ihre Anfragen und Anmeldungen.<\/h2>\n<p>[\/et_pb_cta][\/et_pb_column][\/et_pb_row][\/et_pb_section]<\/p>\n","protected":false},"excerpt":{"rendered":"<p>Liebe an Prana, Musik und Meditation Interessierte, jederzeit k\u00f6nnen Termine f\u00fcr Einzelstunden oder Kleingruppen in Berlin oder online verabredet werden. Zus\u00e4tzlich gibt es die Samstage und Wochenendworkshops.Hier die aktuellen offenen online Sing- und Tanzkreisgruppen und Sch\u00f6neberger Prana &amp; Musik Samstage in 2022 mit Einzelstunden, Gruppen und Fortbildungen in 2022 f\u00fcr die Planung, zum Vormerken und [&hellip;]<\/p>\n","protected":false},"author":2,"featured_media":2273,"comment_status":"closed","ping_status":"open","sticky":false,"template":"","format":"standard","meta":{"_et_pb_use_builder":"on","_et_pb_old_content":"","_et_gb_content_width":"","_glsr_average":0,"_glsr_ranking":0,"_glsr_reviews":0,"footnotes":""},"categories":[10,13],"tags":[55],"class_list":["post-2096","post","type-post","status-publish","format-standard","has-post-thumbnail","hentry","category-musik","category-pranaheilung","tag-samstage-2022"],"_links":{"self":[{"href":"https:\/\/www.soumaya-hiltmann.com\/en\/wp-json\/wp\/v2\/posts\/2096","targetHints":{"allow":["GET"]}}],"collection":[{"href":"https:\/\/www.soumaya-hiltmann.com\/en\/wp-json\/wp\/v2\/posts"}],"about":[{"href":"https:\/\/www.soumaya-hiltmann.com\/en\/wp-json\/wp\/v2\/types\/post"}],"author":[{"embeddable":true,"href":"https:\/\/www.soumaya-hiltmann.com\/en\/wp-json\/wp\/v2\/users\/2"}],"replies":[{"embeddable":true,"href":"https:\/\/www.soumaya-hiltmann.com\/en\/wp-json\/wp\/v2\/comments?post=2096"}],"version-history":[{"count":0,"href":"https:\/\/www.soumaya-hiltmann.com\/en\/wp-json\/wp\/v2\/posts\/2096\/revisions"}],"wp:featuredmedia":[{"embeddable":true,"href":"https:\/\/www.soumaya-hiltmann.com\/en\/wp-json\/wp\/v2\/media\/2273"}],"wp:attachment":[{"href":"https:\/\/www.soumaya-hiltmann.com\/en\/wp-json\/wp\/v2\/media?parent=2096"}],"wp:term":[{"taxonomy":"category","embeddable":true,"href":"https:\/\/www.soumaya-hiltmann.com\/en\/wp-json\/wp\/v2\/categories?post=2096"},{"taxonomy":"post_tag","embeddable":true,"href":"https:\/\/www.soumaya-hiltmann.com\/en\/wp-json\/wp\/v2\/tags?post=2096"}],"curies":[{"name":"wp","href":"https:\/\/api.w.org\/{rel}","templated":true}]}}